{"id":286,"date":"2015-09-14T07:12:36","date_gmt":"2015-09-14T07:12:36","guid":{"rendered":"https:\/\/ariadne-portal.uni-greifswald.de\/?p=286"},"modified":"2016-10-11T07:34:52","modified_gmt":"2016-10-11T07:34:52","slug":"workshop-digitale-strategie-der-archive-mecklenburg-vorpommerns-in-der-archivlandschaft-europas","status":"publish","type":"post","link":"https:\/\/ariadne-portal.uni-greifswald.de\/?p=286","title":{"rendered":"Workshop: Digitale Strategie der Archive Mecklenburg-Vorpommerns in der Archivlandschaft Europas"},"content":{"rendered":"<p>Greifswald, 14. September 2015<br \/>\nWorkshop: <b>Digitale Strategie der Archive Mecklenburg-Vorpommerns in der Archivlandschaft Europas<\/b><br \/>\nDie Referenten und ihre Vortr\u00e4ge zum Nachlesen:<\/p>\n<ul>\n<li>Susanne Waidmann, Rainer Jacobs (APExTeam, Bundesarchiv): <a href=\"wp-content\/uploads\/pdf\/APEnet_APEx_APEF.pdf\">Datenpr\u00e4sentation und Recherche im Archivportal Europa: Was haben APEnet und APEx erreicht, was hat APEF vor? <\/a><\/li>\n<li>Martin Reisacher (Archivportal-D): <a href=\"wp-content\/uploads\/pdf\/Ein_Jahr_Archivportal-D.pdf\">Ein Jahr Archivportal-D: R\u00fcckblick und Ausblick<\/a><\/li>\n<li>Dirk Alvermann (Ariadne-Portal): <a href=\"wp-content\/uploads\/pdf\/Digitale-Angebote.pdf\">Digitale Angebote der Archive in M-V \u2013 Status und Perspektiven<\/a><\/li>\n<li>Ellen Euler (Gesch\u00e4ftsstelle DDB): <a href=\"wp-content\/uploads\/pdf\/DDB_Ariadne_final.pdf\">Rechte und Lizenzmodelle und ihre Anwendung<\/a><\/li>\n<li>Susanne Waidmann, Rainer Jacobs (APExTeam, Bundesarchiv): <a href=\"wp-content\/uploads\/pdf\/Europeana_Rechte_Lizenzen.pdf\">Archivische Daten in Europeana: Rechte- und Lizenzangaben bei der Konvertierung nach EDM<\/a><\/li>\n<li>Ulrike Najmi (Ariadne-Portal): <a href=\"wp-content\/uploads\/pdf\/Dig-Vernetzung-Ariadne.pdf\">M\u00f6glichkeiten der digitalen Vernetzung mit Ariadne 2.0<\/a><\/li>\n<\/ul>\n<p>Die digitale Welt ist l\u00e4ngst auch f\u00fcr die Archive in Mecklenburg-Vorpommern kein unbekannter Raum mehr. Im Internet bewegt sich heute ein Gro\u00dfteil ihrer potentiellen Nutzer: Wissenschaftler, Heimatforscher, Genealogen, Sch\u00fcler, Medienvertreter &#8211; Menschen mit den unterschiedlichsten Interessen. Sie finden hier \u00fcber regional, national und international orientierte Archivportale Informationsangebote in unterschiedlicher Dichte.<\/p>\n<p>F\u00fcr viele \u2013 nicht nur kleinere \u2013 Archive stellen sich die Fragen:<img loading=\"lazy\" decoding=\"async\" class=\"size-medium wp-image-289 alignleft\" src=\"https:\/\/ariadne-portal.uni-greifswald.de\/wp-content\/uploads\/2015\/09\/Bild-workshop-2015-300x252.png\" alt=\"bild-workshop-2015\" width=\"300\" height=\"252\" srcset=\"https:\/\/ariadne-portal.uni-greifswald.de\/wp-content\/uploads\/2015\/09\/Bild-workshop-2015-300x252.png 300w, https:\/\/ariadne-portal.uni-greifswald.de\/wp-content\/uploads\/2015\/09\/Bild-workshop-2015.png 357w\" sizes=\"auto, (max-width: 300px) 100vw, 300px\" \/><\/p>\n<ul>\n<li>Wie kann ich an den neuen Entwicklungen teilhaben?<\/li>\n<li>Wie kann ich sie in meinen Arbeitsalltag integrieren und strategisch fruchtbar machen?<\/li>\n<li>Wer sind meine Ansprechpartner?<\/li>\n<li>Welche Synergieeffekte lassen sich dabei nutzen?<\/li>\n<li>Welche technischen oder rechtlichen Fragen sind zu ber\u00fccksichtigen?<\/li>\n<\/ul>\n<p><a href=\"wp-content\/uploads\/pdf\/programm-workshop-sept-2015_aktualisiert.pdf\">Programm des Workshops als pdf<\/a><\/p>\n","protected":false},"excerpt":{"rendered":"<p>Greifswald, 14. September 2015 Workshop: Digitale Strategie der Archive Mecklenburg-Vorpommerns in der Archivlandschaft Europas Die Referenten und ihre Vortr\u00e4ge zum Nachlesen: Susanne Waidmann, Rainer Jacobs (APExTeam, Bundesarchiv): Datenpr\u00e4sentation und Recherche im Archivportal Europa: Was haben APEnet und APEx erreicht, was hat APEF vor? Martin Reisacher (Archivportal-D): Ein Jahr Archivportal-D: R\u00fcckblick und Ausblick Dirk Alvermann (Ariadne-Portal): &hellip; <a href=\"https:\/\/ariadne-portal.uni-greifswald.de\/?p=286\" class=\"more-link\"><span class=\"screen-reader-text\">Workshop: Digitale Strategie der Archive Mecklenburg-Vorpommerns in der Archivlandschaft Europas<\/span> weiterlesen <span class=\"meta-nav\">&rarr;<\/span><\/a><\/p>\n","protected":false},"author":147,"featured_media":0,"comment_status":"open","ping_status":"open","sticky":false,"template":"","format":"standard","meta":{"footnotes":""},"categories":[3],"tags":[],"class_list":["post-286","post","type-post","status-publish","format-standard","hentry","category-aktuelles"],"_links":{"self":[{"href":"https:\/\/ariadne-portal.uni-greifswald.de\/index.php?rest_route=\/wp\/v2\/posts\/286","targetHints":{"allow":["GET"]}}],"collection":[{"href":"https:\/\/ariadne-portal.uni-greifswald.de\/index.php?rest_route=\/wp\/v2\/posts"}],"about":[{"href":"https:\/\/ariadne-portal.uni-greifswald.de\/index.php?rest_route=\/wp\/v2\/types\/post"}],"author":[{"embeddable":true,"href":"https:\/\/ariadne-portal.uni-greifswald.de\/index.php?rest_route=\/wp\/v2\/users\/147"}],"replies":[{"embeddable":true,"href":"https:\/\/ariadne-portal.uni-greifswald.de\/index.php?rest_route=%2Fwp%2Fv2%2Fcomments&post=286"}],"version-history":[{"count":7,"href":"https:\/\/ariadne-portal.uni-greifswald.de\/index.php?rest_route=\/wp\/v2\/posts\/286\/revisions"}],"predecessor-version":[{"id":299,"href":"https:\/\/ariadne-portal.uni-greifswald.de\/index.php?rest_route=\/wp\/v2\/posts\/286\/revisions\/299"}],"wp:attachment":[{"href":"https:\/\/ariadne-portal.uni-greifswald.de\/index.php?rest_route=%2Fwp%2Fv2%2Fmedia&parent=286"}],"wp:term":[{"taxonomy":"category","embeddable":true,"href":"https:\/\/ariadne-portal.uni-greifswald.de\/index.php?rest_route=%2Fwp%2Fv2%2Fcategories&post=286"},{"taxonomy":"post_tag","embeddable":true,"href":"https:\/\/ariadne-portal.uni-greifswald.de\/index.php?rest_route=%2Fwp%2Fv2%2Ftags&post=286"}],"curies":[{"name":"wp","href":"https:\/\/api.w.org\/{rel}","templated":true}]}}